{"id":733,"date":"2023-07-05T13:14:36","date_gmt":"2023-07-05T11:14:36","guid":{"rendered":"https:\/\/www.virovitica.hr\/greenvtc\/?p=733"},"modified":"2023-07-06T07:37:24","modified_gmt":"2023-07-06T05:37:24","slug":"rea-sjever-na-zagrebackom-fakultetu-elektrotehnike-i-racunalstva-predstavila-projekte-one-sun-i-green-vtc","status":"publish","type":"post","link":"https:\/\/www.virovitica.hr\/greenvtc\/rea-sjever-na-zagrebackom-fakultetu-elektrotehnike-i-racunalstva-predstavila-projekte-one-sun-i-green-vtc\/","title":{"rendered":"REA Sjever na zagreba\u010dkom Fakultetu elektrotehnike i ra\u010dunarstva predstavila projekte One Sun i Green VTC"},"content":{"rendered":"<p>Na zagreba\u010dkom Fakultetu elektrotehnike i ra\u010dunarstva (FER), u ponedjeljak 3. srpnja 2023. odr\u017eana je po\u010detna konferencija projekta <strong><em>Fotonaponski sustav za proizvodnju elektri\u010dne energije za vlastite potrebe u mre\u017enom radu SE-FER-005 \u2013 Faza 11 (SOLAR FER)<\/em><\/strong><strong> kojim Fakultet elektrotehnike i ra\u010dunarstva planira postavljanje solarne elektrane od 600 kW i<\/strong> <strong>baterijskog spremnika koji \u0107e<\/strong> omogu\u0107it lokalnu proizvodnju i potro\u0161nju vi\u0161e od 50% ukupnih energetskih potreba fakulteta.<\/p>\n<p>U okviru konferencije, Voditelj razvoja poslovanja REA Sjever, Jurica Perko predstavio je projekte One Sun Connecting North and South (One Sun) i Solar Roofs for Green Virovitica (Green VTC) sufinancirane iz financijskog mehanizma Europskog gospodarskog prostora, programa \u201eEnergija i klimatske promjene\u201c<\/p>\n<p>Jurica Perko je istaknuo kako je projektima One Sun i Green VTC financirana izgradnja ukupno 36 fotonaponskih elektrana ukupne vr\u0161ne snage vi\u0161e od 1,6 MWp na javnim objektima za 20 pojedina\u010dnih naru\u010ditelja.<\/p>\n<p><img loading=\"lazy\" decoding=\"async\" class=\"alignnone size-full wp-image-732\" src=\"https:\/\/www.virovitica.hr\/greenvtc\/wp-content\/uploads\/2023\/07\/FER_JP2.jpg\" alt=\"\" width=\"2016\" height=\"1512\" srcset=\"https:\/\/www.virovitica.hr\/greenvtc\/wp-content\/uploads\/2023\/07\/FER_JP2.jpg 2016w, https:\/\/www.virovitica.hr\/greenvtc\/wp-content\/uploads\/2023\/07\/FER_JP2-768x576.jpg 768w, https:\/\/www.virovitica.hr\/greenvtc\/wp-content\/uploads\/2023\/07\/FER_JP2-1536x1152.jpg 1536w, https:\/\/www.virovitica.hr\/greenvtc\/wp-content\/uploads\/2023\/07\/FER_JP2-696x522.jpg 696w, https:\/\/www.virovitica.hr\/greenvtc\/wp-content\/uploads\/2023\/07\/FER_JP2-1392x1044.jpg 1392w\" sizes=\"auto, (max-width: 2016px) 100vw, 2016px\" \/><\/p>\n<p>Postavljenim fotonaponskim elektranama javni objekti \u0107e smanjiti potro\u0161nju elektri\u010dne energije iz elektroenergetske mre\u017ee i time na lokalnoj razini doprinijeti procesu dekarbonizacije.<\/p>\n<p>U nastavku predstavljanja projekata Jurica Perko istaknuo je i mnoge prednosti postupka objedinjene javne nabave kojom su za naru\u010ditelje nabavljene fotonaponske elektrane, definiraju\u0107i rizike pojedina\u010dnih postupaka naru\u010ditelja i na koji na\u010din postupak objedinjene nabave odgovara na te rizike.<\/p>\n<p>&nbsp;<\/p>\n","protected":false},"excerpt":{"rendered":"<p>Na zagreba\u010dkom Fakultetu elektrotehnike i ra\u010dunarstva (FER), u ponedjeljak 3. srpnja 2023. odr\u017eana je po\u010detna konferencija projekta Fotonaponski sustav za proizvodnju elektri\u010dne energije za vlastite potrebe u mre\u017enom radu SE-FER-005 \u2013 Faza 11 (SOLAR FER) kojim Fakultet elektrotehnike i ra\u010dunarstva planira postavljanje solarne elektrane od 600 kW i baterijskog spremnika koji \u0107e omogu\u0107it lokalnu proizvodnju [&hellip;]<\/p>\n","protected":false},"author":3,"featured_media":731,"comment_status":"closed","ping_status":"closed","sticky":false,"template":"","format":"standard","meta":{"footnotes":""},"categories":[1],"tags":[],"class_list":{"0":"post-733","1":"post","2":"type-post","3":"status-publish","4":"format-standard","5":"has-post-thumbnail","7":"category-vijesti-hr"},"_links":{"self":[{"href":"https:\/\/www.virovitica.hr\/greenvtc\/wp-json\/wp\/v2\/posts\/733","targetHints":{"allow":["GET"]}}],"collection":[{"href":"https:\/\/www.virovitica.hr\/greenvtc\/wp-json\/wp\/v2\/posts"}],"about":[{"href":"https:\/\/www.virovitica.hr\/greenvtc\/wp-json\/wp\/v2\/types\/post"}],"author":[{"embeddable":true,"href":"https:\/\/www.virovitica.hr\/greenvtc\/wp-json\/wp\/v2\/users\/3"}],"replies":[{"embeddable":true,"href":"https:\/\/www.virovitica.hr\/greenvtc\/wp-json\/wp\/v2\/comments?post=733"}],"version-history":[{"count":2,"href":"https:\/\/www.virovitica.hr\/greenvtc\/wp-json\/wp\/v2\/posts\/733\/revisions"}],"predecessor-version":[{"id":735,"href":"https:\/\/www.virovitica.hr\/greenvtc\/wp-json\/wp\/v2\/posts\/733\/revisions\/735"}],"wp:featuredmedia":[{"embeddable":true,"href":"https:\/\/www.virovitica.hr\/greenvtc\/wp-json\/wp\/v2\/media\/731"}],"wp:attachment":[{"href":"https:\/\/www.virovitica.hr\/greenvtc\/wp-json\/wp\/v2\/media?parent=733"}],"wp:term":[{"taxonomy":"category","embeddable":true,"href":"https:\/\/www.virovitica.hr\/greenvtc\/wp-json\/wp\/v2\/categories?post=733"},{"taxonomy":"post_tag","embeddable":true,"href":"https:\/\/www.virovitica.hr\/greenvtc\/wp-json\/wp\/v2\/tags?post=733"}],"curies":[{"name":"wp","href":"https:\/\/api.w.org\/{rel}","templated":true}]}}