{"id":700,"date":"2023-06-05T09:14:20","date_gmt":"2023-06-05T07:14:20","guid":{"rendered":"https:\/\/www.virovitica.hr\/greenvtc\/?p=700"},"modified":"2023-06-05T09:14:20","modified_gmt":"2023-06-05T07:14:20","slug":"rea-sjever-zajedno-s-projektnim-partnerima-u-posjetu-sveucilistu-u-stavangeru","status":"publish","type":"post","link":"https:\/\/www.virovitica.hr\/greenvtc\/rea-sjever-zajedno-s-projektnim-partnerima-u-posjetu-sveucilistu-u-stavangeru\/","title":{"rendered":"REA Sjever zajedno s projektnim partnerima u posjetu Sveu\u010dili\u0161tu u Stavangeru"},"content":{"rendered":"<p><em>U sklopu projekata One Sun Connecting North and South i Solar Roofs for Green Virovitica iz programa Energija i klimatske promjene, djelatnici REA Sjever, zajedno s predstavnicima gradova Koprivnice, Vara\u017edina i \u0110akova, op\u0107ine Legrad, Geotehni\u010dkog fakulteta u Vara\u017edinu, tvrtke VIRKOM i Op\u0107e bolnice Virovitica krajem svibnja sudjelovali su na studijskom putovanju, odnosno posjetu Prirodoslovno-tehnolo\u0161kom fakultetu Sveu\u010dili\u0161ta u Stavangeru u Norve\u0161koj.<\/em><\/p>\n<p><em>\u00a0<\/em><\/p>\n<p><em>Glavni cilj studijskog putovanja bio je ja\u010danje bilateralnih odnosa i razmjena znanja kroz primjere dobre prakse u upravljanju i promicanju kori\u0161tenja elektri\u010dne energije iz energije sunca i drugih obnovljivih izvora energije.\u00a0 <\/em><\/p>\n<p><em>U okviru studijskog putovanja predstavnici Prirodoslovno-tehnolo\u0161kog fakulteta Sveu\u010dili\u0161ta u Stavangeru, upoznali su hrvatske projektne partnere s cjelokupnim procesom od nabave do instalacije solarnih elektrana te na\u010dinom na koji hrvatski projektni partneri sami mogu potaknuti proizvodnju elektri\u010dne energije iz obnovljivih izvora u svojim zajednicama te na efikasan na\u010din upravljati takvim projektima.<\/em><\/p>\n","protected":false},"excerpt":{"rendered":"<p>U sklopu projekata One Sun Connecting North and South i Solar Roofs for Green Virovitica iz programa Energija i klimatske promjene, djelatnici REA Sjever, zajedno s predstavnicima gradova Koprivnice, Vara\u017edina i \u0110akova, op\u0107ine Legrad, Geotehni\u010dkog fakulteta u Vara\u017edinu, tvrtke VIRKOM i Op\u0107e bolnice Virovitica krajem svibnja sudjelovali su na studijskom putovanju, odnosno posjetu Prirodoslovno-tehnolo\u0161kom fakultetu [&hellip;]<\/p>\n","protected":false},"author":3,"featured_media":699,"comment_status":"closed","ping_status":"closed","sticky":false,"template":"","format":"standard","meta":{"footnotes":""},"categories":[1],"tags":[21,19,17],"class_list":{"0":"post-700","1":"post","2":"type-post","3":"status-publish","4":"format-standard","5":"has-post-thumbnail","7":"category-vijesti-hr","8":"tag-greenvtc","9":"tag-one-sun","10":"tag-rea-sjever"},"_links":{"self":[{"href":"https:\/\/www.virovitica.hr\/greenvtc\/wp-json\/wp\/v2\/posts\/700","targetHints":{"allow":["GET"]}}],"collection":[{"href":"https:\/\/www.virovitica.hr\/greenvtc\/wp-json\/wp\/v2\/posts"}],"about":[{"href":"https:\/\/www.virovitica.hr\/greenvtc\/wp-json\/wp\/v2\/types\/post"}],"author":[{"embeddable":true,"href":"https:\/\/www.virovitica.hr\/greenvtc\/wp-json\/wp\/v2\/users\/3"}],"replies":[{"embeddable":true,"href":"https:\/\/www.virovitica.hr\/greenvtc\/wp-json\/wp\/v2\/comments?post=700"}],"version-history":[{"count":2,"href":"https:\/\/www.virovitica.hr\/greenvtc\/wp-json\/wp\/v2\/posts\/700\/revisions"}],"predecessor-version":[{"id":702,"href":"https:\/\/www.virovitica.hr\/greenvtc\/wp-json\/wp\/v2\/posts\/700\/revisions\/702"}],"wp:featuredmedia":[{"embeddable":true,"href":"https:\/\/www.virovitica.hr\/greenvtc\/wp-json\/wp\/v2\/media\/699"}],"wp:attachment":[{"href":"https:\/\/www.virovitica.hr\/greenvtc\/wp-json\/wp\/v2\/media?parent=700"}],"wp:term":[{"taxonomy":"category","embeddable":true,"href":"https:\/\/www.virovitica.hr\/greenvtc\/wp-json\/wp\/v2\/categories?post=700"},{"taxonomy":"post_tag","embeddable":true,"href":"https:\/\/www.virovitica.hr\/greenvtc\/wp-json\/wp\/v2\/tags?post=700"}],"curies":[{"name":"wp","href":"https:\/\/api.w.org\/{rel}","templated":true}]}}