{"id":686,"date":"2023-03-28T08:13:20","date_gmt":"2023-03-28T06:13:20","guid":{"rendered":"https:\/\/www.virovitica.hr\/greenvtc\/?p=686"},"modified":"2023-05-17T08:18:02","modified_gmt":"2023-05-17T06:18:02","slug":"potpisan-ugovor-o-postavljanju-fotonaponske-elektrane-na-djecji-vrtic-na-hvaru","status":"publish","type":"post","link":"https:\/\/www.virovitica.hr\/greenvtc\/potpisan-ugovor-o-postavljanju-fotonaponske-elektrane-na-djecji-vrtic-na-hvaru\/","title":{"rendered":"Potpisan ugovor o postavljanju fotonaponske elektrane na dje\u010dji vrti\u0107 na Hvaru"},"content":{"rendered":"\r\n\r\nNakon potpisivanja ugovora u <a href=\"https:\/\/rea-sjever.hr\/vijesti\/zapocelo-potpisivanje-ugovora-za-izgradnju-fotonaponskih-elektrana-koje-ce-se-graditi-od-istoka-do-juga-hrvatske\/\" target=\"_blank\" rel=\"noopener\">Gradu \u0110akovu i Gradu Beli Manastir<\/a>, uslijedilo je potpisivanje ugovora u Gradu Hvaru za postavljanje fotonaponske elektrane na zgradu Dje\u010djeg vrti\u0107a &#8220;Va\u0111ela Bo\u017eitkovi\u0107&#8221; u sklopu projekta <a href=\"https:\/\/rea-sjever.hr\/onesun\/\" target=\"_blank\" rel=\"noopener\">One Sun Connecting North and South.<\/a>\r\n\r\n \r\n\r\n&nbsp;\r\n\r\nNastavak je ovo aktivnosti u sklopu navedenog projekta koji za cilj ima pove\u0107anje proizvodnje elektri\u010dne energije iz energije sunca u objektima javnog sektora u Hrvatskoj.\r\n\r\n \r\n\r\n&nbsp;\r\n\r\nOvim projektom, kojem je REA Sjever nositelj, povezano je ukupno 19 partnera iz Hrvatske i Norve\u0161ke \u0161to ga \u010dini jednim od intenzivnijih projekata koji je REA Sjever do sad vodila.\r\n\r\n \r\n\r\n&nbsp;\r\n\r\nUgovor za postavljanje fotonaponske elektrane na zgradu dje\u010djeg vrti\u0107a potpisali su Rikardo Novak, gradona\u010delnik Grada Hvara i Stjepan Milardovi\u0107 kao predstavnik izvo\u0111a\u010da radova tvrtke Proditus d.o.o, a potpisivanju su prisustvovali i ravnateljica Dje\u010djeg vrti\u0107a &#8220;Van\u0111ela Bo\u017eitkovi\u0107&#8221; Sanja \u0106urin, pro\u010delnik Jedinstvenog upravnog odjela Grada Hvara Nino Pijanovi\u0107 te predstavnici REA Sjever Jurica Perko i Zvonimir Perko.\r\n\r\n \r\n<figure class=\"wp-block-image size-full\"><img decoding=\"async\" class=\"wp-image-9585\" src=\"https:\/\/rea-sjever.hr\/wp-content\/uploads\/2023\/03\/hvar-strucni-sastanak-one-sun-1.png\" alt=\"hvar stru\u010dni sastanak one sun (1)\" \/><\/figure>\r\n \r\n\r\n&nbsp;\r\n\r\nNakon Hvara, koji spada u grupu 2, Ju\u017ena, slijedi potpisivanje ugovora u Grupi 3, Sjeverna, koja uklju\u010duje Grad Koprivnicu, Grad Ludbreg, Grad Vara\u017edin, Geotehni\u010dki fakultet Sveu\u010dili\u0161ta u Zagrebu (Vara\u017edin), Op\u0107inu Ljube\u0161\u010dica, Op\u0107inu Virje, Op\u0107inu Novigrad Podravski, Op\u0107inu Ferdinandovac, Op\u0107inu \u0110elekovec, Op\u0107inu Vidovec i Op\u0107inu Legrad.\r\n\r\n \r\n\r\n&nbsp;\r\n\r\nNakon nje slijedi Grupa 4, Zapadna, koja uklju\u010duje Grad Kri\u017eevce, Grad Vrbovec i Op\u0107inu Majur.\r\n\r\n \r\n\r\n&nbsp;\r\n\r\nO projektu &#8211; Uz REA Sjever kao nositelja projekta, u projektu sudjeluje \u010dak 16 hrvatskih gradova i op\u0107ina, <a href=\"https:\/\/www.gfv.unizg.hr\/\" target=\"_blank\" rel=\"noopener\">Geotehni\u010dki fakultet Vara\u017edin Sveu\u010dili\u0161ta u Zagrebu<\/a> i <a href=\"https:\/\/www.uis.no\/en\" target=\"_blank\" rel=\"noopener\">Sveu\u010dili\u0161te u Stavangeru, Prirodoslovno-tehnolo\u0161ki fakultet, Odsjek za energetiku i naftu iz Norve\u0161ke.<\/a>\r\n\r\n \r\n\r\n&nbsp;\r\n\r\nCjelokupni projekt, uklju\u010duju\u0107i sve ostale partnere, vrijedan je <strong>1.004.330,99 eura,<\/strong> a financira se iz <strong>Programa \u201eEnergija i klimatske promjene\u201c <\/strong>financijskog mehanizma Europskog gospodarskog prostora. Predvi\u0111eno trajanje programa je <strong>23<\/strong> mjeseca, a plan je instalirati ukupno <strong>29<\/strong> fotonaponskih elektrana na javne zgrade.\r\n\r\n","protected":false},"excerpt":{"rendered":"<p>Nakon potpisivanja ugovora u Gradu \u0110akovu i Gradu Beli Manastir, uslijedilo je potpisivanje ugovora u Gradu Hvaru za postavljanje fotonaponske elektrane na zgradu Dje\u010djeg vrti\u0107a &#8220;Va\u0111ela Bo\u017eitkovi\u0107&#8221; u sklopu projekta One Sun Connecting North and South. &nbsp; Nastavak je ovo aktivnosti u sklopu navedenog projekta koji za cilj ima pove\u0107anje proizvodnje elektri\u010dne energije iz energije [&hellip;]<\/p>\n","protected":false},"author":3,"featured_media":687,"comment_status":"closed","ping_status":"closed","sticky":false,"template":"","format":"standard","meta":{"footnotes":""},"categories":[1],"tags":[21,19,17],"class_list":{"0":"post-686","1":"post","2":"type-post","3":"status-publish","4":"format-standard","5":"has-post-thumbnail","7":"category-vijesti-hr","8":"tag-greenvtc","9":"tag-one-sun","10":"tag-rea-sjever"},"_links":{"self":[{"href":"https:\/\/www.virovitica.hr\/greenvtc\/wp-json\/wp\/v2\/posts\/686","targetHints":{"allow":["GET"]}}],"collection":[{"href":"https:\/\/www.virovitica.hr\/greenvtc\/wp-json\/wp\/v2\/posts"}],"about":[{"href":"https:\/\/www.virovitica.hr\/greenvtc\/wp-json\/wp\/v2\/types\/post"}],"author":[{"embeddable":true,"href":"https:\/\/www.virovitica.hr\/greenvtc\/wp-json\/wp\/v2\/users\/3"}],"replies":[{"embeddable":true,"href":"https:\/\/www.virovitica.hr\/greenvtc\/wp-json\/wp\/v2\/comments?post=686"}],"version-history":[{"count":2,"href":"https:\/\/www.virovitica.hr\/greenvtc\/wp-json\/wp\/v2\/posts\/686\/revisions"}],"predecessor-version":[{"id":689,"href":"https:\/\/www.virovitica.hr\/greenvtc\/wp-json\/wp\/v2\/posts\/686\/revisions\/689"}],"wp:featuredmedia":[{"embeddable":true,"href":"https:\/\/www.virovitica.hr\/greenvtc\/wp-json\/wp\/v2\/media\/687"}],"wp:attachment":[{"href":"https:\/\/www.virovitica.hr\/greenvtc\/wp-json\/wp\/v2\/media?parent=686"}],"wp:term":[{"taxonomy":"category","embeddable":true,"href":"https:\/\/www.virovitica.hr\/greenvtc\/wp-json\/wp\/v2\/categories?post=686"},{"taxonomy":"post_tag","embeddable":true,"href":"https:\/\/www.virovitica.hr\/greenvtc\/wp-json\/wp\/v2\/tags?post=686"}],"curies":[{"name":"wp","href":"https:\/\/api.w.org\/{rel}","templated":true}]}}